{"id":18686,"date":"2026-02-08T10:00:00","date_gmt":"2026-02-08T07:00:00","guid":{"rendered":"https:\/\/otexe.com\/?p=18686"},"modified":"2026-02-02T00:05:11","modified_gmt":"2026-02-01T21:05:11","slug":"estudio-sueco-afina-la-identificacion-de-ninos-con-alto-riesgo-de-caries","status":"publish","type":"post","link":"https:\/\/otexe.com\/es\/estudio-sueco-afina-la-identificacion-de-ninos-con-alto-riesgo-de-caries\/","title":{"rendered":"Estudio sueco afina la identificaci\u00f3n de ni\u00f1os con alto riesgo de caries"},"content":{"rendered":"<p><strong>Uppsala, Suecia.<\/strong> M\u00e1s de una d\u00e9cada de datos nacionales ha proporcionado nuevas perspectivas sobre las trayectorias de desarrollo de caries en ni\u00f1os y adolescentes suecos. Los resultados muestran que, aunque la mayor\u00eda de los ni\u00f1os permanecen libres de caries, un peque\u00f1o grupo experimenta una alta carga de caries. El estudio demuestra que combinar el an\u00e1lisis de trayectorias de enfermedad con medidas espec\u00edficas de experiencia de caries infantil permite identificar patrones tempranos de la enfermedad con mayor precisi\u00f3n y detectar mejor a los ni\u00f1os que tienen m\u00e1s probabilidades de beneficiarse de la atenci\u00f3n preventiva.  <\/p><h3 class=\"wp-block-heading\">Objetivos del estudio y justificaci\u00f3n del enfoque<\/h3><p>El estudio se inici\u00f3 al reconocer que la caries dental afecta de manera desproporcionada a un peque\u00f1o grupo de ni\u00f1os, y este patr\u00f3n a menudo queda oculto por los promedios poblacionales. El objetivo principal fue mejorar la identificaci\u00f3n de ni\u00f1os y adolescentes con la mayor carga de caries. <\/p><p>Como parte del trabajo, se analizaron datos de 165,365 individuos de 10 y 20 a\u00f1os, obtenidos del Registro Sueco de Calidad de Caries y Enfermedad Periodontal durante un per\u00edodo de diez a\u00f1os. La experiencia de caries se evalu\u00f3 seg\u00fan el n\u00famero de superficies dentales cariadas y obturadas tanto en la dentici\u00f3n temporal como permanente. <\/p><h3 class=\"wp-block-heading\">An\u00e1lisis de trayectorias del desarrollo de caries<\/h3><p>A partir de los registros longitudinales, se aplic\u00f3 un enfoque de modelo de tres trayectorias, en el cual los participantes se clasificaron en grupos de trayectoria de caries alta, moderada y baja seg\u00fan la progresi\u00f3n de la enfermedad.<\/p><p>En los j\u00f3venes de 20 a\u00f1os, las diferencias entre las trayectorias aumentaron con el tiempo, lo que refleja la naturaleza acumulativa de la caries. En el grupo de alto riesgo se observ\u00f3 un incremento significativo en la carga de caries, mientras que los participantes con trayectoria baja mostraron una progresi\u00f3n de la enfermedad pr\u00e1cticamente nula durante los diez a\u00f1os. <\/p><h3 class=\"wp-block-heading\">Caracter\u00edsticas de la evaluaci\u00f3n en ni\u00f1os peque\u00f1os<\/h3><p>En ni\u00f1os de 10 a\u00f1os, no se observ\u00f3 la divergencia esperada entre trayectorias, lo que refleja las limitaciones de aplicar este modelo al desarrollo de caries en dentici\u00f3n temporal y mixta. Para este grupo de edad, las medidas adicionales demostraron ser m\u00e1s informativas. <\/p><p>El \u00edndice de caries espec\u00edficamente afectado (specific affected caries index), que considera \u00fanicamente a los ni\u00f1os con presencia de caries, mostr\u00f3 consistentemente valores m\u00e1s altos en comparaci\u00f3n con los \u00edndices tradicionales. Result\u00f3 especialmente \u00fatil en la primera infancia, cuando la mayor\u00eda de los ni\u00f1os no presentan caries y la enfermedad se concentra en un peque\u00f1o subgrupo. <\/p><p>Adem\u00e1s, el indicador de prevalencia puntual de caries a los 6 a\u00f1os permiti\u00f3 identificar ni\u00f1os con mayor probabilidad de desarrollar caries a edades m\u00e1s avanzadas. Los autores enfatizan que la caries temprana en dientes temporales est\u00e1 fuertemente correlacionada con la enfermedad posterior, lo que destaca el papel clave del monitoreo durante el per\u00edodo preescolar. <\/p><h3 class=\"wp-block-heading\">Relaci\u00f3n con la calidad de vida e implicaciones cl\u00ednicas<\/h3><p>Los hallazgos obtenidos complementan estudios previos que muestran que la calidad de vida relacionada con la salud bucal se ve significativamente afectada en preescolares suecos con caries, especialmente cuando hay lesiones no tratadas.<\/p><p>A pesar de la mejora general en la salud dental a nivel poblacional en Suecia, este estudio confirma que una minor\u00eda claramente definida de ni\u00f1os soporta un riesgo desproporcionadamente alto de enfermedades dentales. La identificaci\u00f3n m\u00e1s temprana y precisa de estos grupos puede promover una prevenci\u00f3n m\u00e1s eficaz y una asignaci\u00f3n racional de recursos en la atenci\u00f3n dental infantil. <\/p><h3 class=\"wp-block-heading\">Publicaci\u00f3n del estudio<\/h3><p>El art\u00edculo titulado<a href=\"https:\/\/medicaljournalssweden.se\/actaodontologica\/article\/view\/45204\"> <strong>\u00abCaries experience among children and adolescents from a longitudinal Swedish national registry study over a 10-year period\u00bb<\/strong> <\/a>se public\u00f3 el <strong>7 de enero de 2025 <\/strong>en la revista <em>Acta Odontologica Scandinavica<\/em>.<\/p><p><\/p>","protected":false},"excerpt":{"rendered":"<p>Uppsala, Suecia. M\u00e1s de una d\u00e9cada de datos nacionales ha proporcionado nuevas perspectivas sobre las trayectorias de desarrollo de caries en ni\u00f1os y adolescentes suecos. Los resultados muestran que, aunque la mayor\u00eda de los ni\u00f1os permanecen libres de caries, un peque\u00f1o grupo experimenta una alta carga de caries. El estudio demuestra que combinar el an\u00e1lisis [&hellip;]<\/p>\n","protected":false},"author":20,"featured_media":18655,"comment_status":"open","ping_status":"closed","sticky":false,"template":"","format":"quote","meta":{"pmpro_default_level":"","footnotes":""},"categories":[246],"tags":[],"class_list":["post-18686","post","type-post","status-publish","format-quote","has-post-thumbnail","hentry","category-articulos-cientificos","post_format-post-format-quote","pmpro-has-access"],"yoast_head":"<!-- This site is optimized with the Yoast SEO plugin v25.1 - https:\/\/yoast.com\/wordpress\/plugins\/seo\/ -->\n<title>Estudio sueco afina la identificaci\u00f3n de ni\u00f1os con alto riesgo de caries - OTEXE<\/title>\n<meta name=\"description\" content=\"Uppsala, Suecia. M\u00e1s de una d\u00e9cada de datos nacionales ha proporcionado nuevas perspectivas sobre las trayectorias de desarrollo de caries en ni\u00f1os y adolescentes suecos. Los resultados muestran que, aunque la mayor\u00eda de los ni\u00f1os permanecen libres de caries, un peque\u00f1o grupo experimenta una alta carga de caries. El estudio demuestra que combinar el an\u00e1lisis de trayectorias de enfermedad con medidas espec\u00edficas de experiencia de caries infantil permite identificar patrones tempranos de la enfermedad con mayor precisi\u00f3n y detectar mejor a los ni\u00f1os que tienen m\u00e1s probabilidades de beneficiarse de la atenci\u00f3n preventiva.\" \/>\n<meta name=\"robots\" content=\"index, follow, max-snippet:-1, max-image-preview:large, max-video-preview:-1\" \/>\n<link rel=\"canonical\" href=\"https:\/\/otexe.com\/es\/estudio-sueco-afina-la-identificacion-de-ninos-con-alto-riesgo-de-caries\/\" \/>\n<meta property=\"og:locale\" content=\"es_ES\" \/>\n<meta property=\"og:type\" content=\"article\" \/>\n<meta property=\"og:title\" content=\"Estudio sueco afina la identificaci\u00f3n de ni\u00f1os con alto riesgo de caries - OTEXE\" \/>\n<meta property=\"og:description\" content=\"Uppsala, Suecia. M\u00e1s de una d\u00e9cada de datos nacionales ha proporcionado nuevas perspectivas sobre las trayectorias de desarrollo de caries en ni\u00f1os y adolescentes suecos. Los resultados muestran que, aunque la mayor\u00eda de los ni\u00f1os permanecen libres de caries, un peque\u00f1o grupo experimenta una alta carga de caries. El estudio demuestra que combinar el an\u00e1lisis de trayectorias de enfermedad con medidas espec\u00edficas de experiencia de caries infantil permite identificar patrones tempranos de la enfermedad con mayor precisi\u00f3n y detectar mejor a los ni\u00f1os que tienen m\u00e1s probabilidades de beneficiarse de la atenci\u00f3n preventiva.\" \/>\n<meta property=\"og:url\" content=\"https:\/\/otexe.com\/es\/estudio-sueco-afina-la-identificacion-de-ninos-con-alto-riesgo-de-caries\/\" \/>\n<meta property=\"og:site_name\" content=\"OTEXE\" \/>\n<meta property=\"article:publisher\" content=\"https:\/\/www.facebook.com\/otexeworld\/reviews\" \/>\n<meta property=\"article:published_time\" content=\"2026-02-08T07:00:00+00:00\" \/>\n<meta property=\"og:image\" content=\"https:\/\/otexe.com\/wp-content\/uploads\/2026\/02\/2026-01-26_swedish-study-refines-identification-of-high-risk-children.webp\" \/>\n\t<meta property=\"og:image:width\" content=\"1541\" \/>\n\t<meta property=\"og:image:height\" content=\"867\" \/>\n\t<meta property=\"og:image:type\" content=\"image\/webp\" \/>\n<meta name=\"author\" content=\"news bot\" \/>\n<meta name=\"twitter:card\" content=\"summary_large_image\" \/>\n<meta name=\"twitter:creator\" content=\"@otexeworld\" \/>\n<meta name=\"twitter:site\" content=\"@otexeworld\" \/>\n<meta name=\"twitter:label1\" content=\"Escrito por\" \/>\n\t<meta name=\"twitter:data1\" content=\"news bot\" \/>\n\t<meta name=\"twitter:label2\" content=\"Tiempo de lectura\" \/>\n\t<meta name=\"twitter:data2\" content=\"3 minutos\" \/>\n<script type=\"application\/ld+json\" class=\"yoast-schema-graph\">{\"@context\":\"https:\/\/schema.org\",\"@graph\":[{\"@type\":\"Article\",\"@id\":\"https:\/\/otexe.com\/es\/estudio-sueco-afina-la-identificacion-de-ninos-con-alto-riesgo-de-caries\/#article\",\"isPartOf\":{\"@id\":\"https:\/\/otexe.com\/es\/estudio-sueco-afina-la-identificacion-de-ninos-con-alto-riesgo-de-caries\/\"},\"author\":{\"name\":\"news bot\",\"@id\":\"https:\/\/otexe.com\/es\/#\/schema\/person\/9140d95fa9a582da764836aeeea66419\"},\"headline\":\"Estudio sueco afina la identificaci\u00f3n de ni\u00f1os con alto riesgo de caries\",\"datePublished\":\"2026-02-08T07:00:00+00:00\",\"mainEntityOfPage\":{\"@id\":\"https:\/\/otexe.com\/es\/estudio-sueco-afina-la-identificacion-de-ninos-con-alto-riesgo-de-caries\/\"},\"wordCount\":674,\"commentCount\":0,\"publisher\":{\"@id\":\"https:\/\/otexe.com\/es\/#organization\"},\"image\":{\"@id\":\"https:\/\/otexe.com\/es\/estudio-sueco-afina-la-identificacion-de-ninos-con-alto-riesgo-de-caries\/#primaryimage\"},\"thumbnailUrl\":\"https:\/\/otexe.com\/wp-content\/uploads\/2026\/02\/2026-01-26_swedish-study-refines-identification-of-high-risk-children.webp\",\"articleSection\":[\"Art\u00edculos cient\u00edficos\"],\"inLanguage\":\"es\",\"potentialAction\":[{\"@type\":\"CommentAction\",\"name\":\"Comment\",\"target\":[\"https:\/\/otexe.com\/es\/estudio-sueco-afina-la-identificacion-de-ninos-con-alto-riesgo-de-caries\/#respond\"]}]},{\"@type\":\"WebPage\",\"@id\":\"https:\/\/otexe.com\/es\/estudio-sueco-afina-la-identificacion-de-ninos-con-alto-riesgo-de-caries\/\",\"url\":\"https:\/\/otexe.com\/es\/estudio-sueco-afina-la-identificacion-de-ninos-con-alto-riesgo-de-caries\/\",\"name\":\"Estudio sueco afina la identificaci\u00f3n de ni\u00f1os con alto riesgo de caries - OTEXE\",\"isPartOf\":{\"@id\":\"https:\/\/otexe.com\/es\/#website\"},\"primaryImageOfPage\":{\"@id\":\"https:\/\/otexe.com\/es\/estudio-sueco-afina-la-identificacion-de-ninos-con-alto-riesgo-de-caries\/#primaryimage\"},\"image\":{\"@id\":\"https:\/\/otexe.com\/es\/estudio-sueco-afina-la-identificacion-de-ninos-con-alto-riesgo-de-caries\/#primaryimage\"},\"thumbnailUrl\":\"https:\/\/otexe.com\/wp-content\/uploads\/2026\/02\/2026-01-26_swedish-study-refines-identification-of-high-risk-children.webp\",\"datePublished\":\"2026-02-08T07:00:00+00:00\",\"description\":\"Uppsala, Suecia. M\u00e1s de una d\u00e9cada de datos nacionales ha proporcionado nuevas perspectivas sobre las trayectorias de desarrollo de caries en ni\u00f1os y adolescentes suecos. Los resultados muestran que, aunque la mayor\u00eda de los ni\u00f1os permanecen libres de caries, un peque\u00f1o grupo experimenta una alta carga de caries. El estudio demuestra que combinar el an\u00e1lisis de trayectorias de enfermedad con medidas espec\u00edficas de experiencia de caries infantil permite identificar patrones tempranos de la enfermedad con mayor precisi\u00f3n y detectar mejor a los ni\u00f1os que tienen m\u00e1s probabilidades de beneficiarse de la atenci\u00f3n preventiva.\",\"breadcrumb\":{\"@id\":\"https:\/\/otexe.com\/es\/estudio-sueco-afina-la-identificacion-de-ninos-con-alto-riesgo-de-caries\/#breadcrumb\"},\"inLanguage\":\"es\",\"potentialAction\":[{\"@type\":\"ReadAction\",\"target\":[\"https:\/\/otexe.com\/es\/estudio-sueco-afina-la-identificacion-de-ninos-con-alto-riesgo-de-caries\/\"]}]},{\"@type\":\"ImageObject\",\"inLanguage\":\"es\",\"@id\":\"https:\/\/otexe.com\/es\/estudio-sueco-afina-la-identificacion-de-ninos-con-alto-riesgo-de-caries\/#primaryimage\",\"url\":\"https:\/\/otexe.com\/wp-content\/uploads\/2026\/02\/2026-01-26_swedish-study-refines-identification-of-high-risk-children.webp\",\"contentUrl\":\"https:\/\/otexe.com\/wp-content\/uploads\/2026\/02\/2026-01-26_swedish-study-refines-identification-of-high-risk-children.webp\",\"width\":1541,\"height\":867},{\"@type\":\"BreadcrumbList\",\"@id\":\"https:\/\/otexe.com\/es\/estudio-sueco-afina-la-identificacion-de-ninos-con-alto-riesgo-de-caries\/#breadcrumb\",\"itemListElement\":[{\"@type\":\"ListItem\",\"position\":1,\"name\":\"P\u00e1gina\",\"item\":\"https:\/\/otexe.com\/es\/\"},{\"@type\":\"ListItem\",\"position\":2,\"name\":\"Art\u00edculos cient\u00edficos\",\"item\":\"https:\/\/otexe.com\/es\/category\/articulos-cientificos\/\"},{\"@type\":\"ListItem\",\"position\":3,\"name\":\"Estudio sueco afina la identificaci\u00f3n de ni\u00f1os con alto riesgo de caries\"}]},{\"@type\":\"WebSite\",\"@id\":\"https:\/\/otexe.com\/es\/#website\",\"url\":\"https:\/\/otexe.com\/es\/\",\"name\":\"OTEXE\",\"description\":\"Is a community where the best minds in dentistry are creating the future of the industry\",\"publisher\":{\"@id\":\"https:\/\/otexe.com\/es\/#organization\"},\"potentialAction\":[{\"@type\":\"SearchAction\",\"target\":{\"@type\":\"EntryPoint\",\"urlTemplate\":\"https:\/\/otexe.com\/es\/?s={search_term_string}\"},\"query-input\":{\"@type\":\"PropertyValueSpecification\",\"valueRequired\":true,\"valueName\":\"search_term_string\"}}],\"inLanguage\":\"es\"},{\"@type\":\"Organization\",\"@id\":\"https:\/\/otexe.com\/es\/#organization\",\"name\":\"Otexe\",\"url\":\"https:\/\/otexe.com\/es\/\",\"logo\":{\"@type\":\"ImageObject\",\"inLanguage\":\"es\",\"@id\":\"https:\/\/otexe.com\/es\/#\/schema\/logo\/image\/\",\"url\":\"https:\/\/otexe.com\/wp-content\/uploads\/2025\/07\/logo.png\",\"contentUrl\":\"https:\/\/otexe.com\/wp-content\/uploads\/2025\/07\/logo.png\",\"width\":697,\"height\":697,\"caption\":\"Otexe\"},\"image\":{\"@id\":\"https:\/\/otexe.com\/es\/#\/schema\/logo\/image\/\"},\"sameAs\":[\"https:\/\/www.facebook.com\/otexeworld\/reviews\",\"https:\/\/x.com\/otexeworld\"]},{\"@type\":\"Person\",\"@id\":\"https:\/\/otexe.com\/es\/#\/schema\/person\/9140d95fa9a582da764836aeeea66419\",\"name\":\"news bot\",\"image\":{\"@type\":\"ImageObject\",\"inLanguage\":\"es\",\"@id\":\"https:\/\/otexe.com\/es\/#\/schema\/person\/image\/\",\"url\":\"https:\/\/secure.gravatar.com\/avatar\/126946fb002d82862ee4daf1c3c87cd017acab2d58cb90a684793b86e7347e3d?s=96&d=mm&r=g\",\"contentUrl\":\"https:\/\/secure.gravatar.com\/avatar\/126946fb002d82862ee4daf1c3c87cd017acab2d58cb90a684793b86e7347e3d?s=96&d=mm&r=g\",\"caption\":\"news bot\"},\"url\":\"https:\/\/otexe.com\/es\/author\/news-bot\/\"}]}<\/script>\n<!-- \/ Yoast SEO plugin. -->","yoast_head_json":{"title":"Estudio sueco afina la identificaci\u00f3n de ni\u00f1os con alto riesgo de caries - OTEXE","description":"Uppsala, Suecia. M\u00e1s de una d\u00e9cada de datos nacionales ha proporcionado nuevas perspectivas sobre las trayectorias de desarrollo de caries en ni\u00f1os y adolescentes suecos. Los resultados muestran que, aunque la mayor\u00eda de los ni\u00f1os permanecen libres de caries, un peque\u00f1o grupo experimenta una alta carga de caries. El estudio demuestra que combinar el an\u00e1lisis de trayectorias de enfermedad con medidas espec\u00edficas de experiencia de caries infantil permite identificar patrones tempranos de la enfermedad con mayor precisi\u00f3n y detectar mejor a los ni\u00f1os que tienen m\u00e1s probabilidades de beneficiarse de la atenci\u00f3n preventiva.","robots":{"index":"index","follow":"follow","max-snippet":"max-snippet:-1","max-image-preview":"max-image-preview:large","max-video-preview":"max-video-preview:-1"},"canonical":"https:\/\/otexe.com\/es\/estudio-sueco-afina-la-identificacion-de-ninos-con-alto-riesgo-de-caries\/","og_locale":"es_ES","og_type":"article","og_title":"Estudio sueco afina la identificaci\u00f3n de ni\u00f1os con alto riesgo de caries - OTEXE","og_description":"Uppsala, Suecia. M\u00e1s de una d\u00e9cada de datos nacionales ha proporcionado nuevas perspectivas sobre las trayectorias de desarrollo de caries en ni\u00f1os y adolescentes suecos. Los resultados muestran que, aunque la mayor\u00eda de los ni\u00f1os permanecen libres de caries, un peque\u00f1o grupo experimenta una alta carga de caries. El estudio demuestra que combinar el an\u00e1lisis de trayectorias de enfermedad con medidas espec\u00edficas de experiencia de caries infantil permite identificar patrones tempranos de la enfermedad con mayor precisi\u00f3n y detectar mejor a los ni\u00f1os que tienen m\u00e1s probabilidades de beneficiarse de la atenci\u00f3n preventiva.","og_url":"https:\/\/otexe.com\/es\/estudio-sueco-afina-la-identificacion-de-ninos-con-alto-riesgo-de-caries\/","og_site_name":"OTEXE","article_publisher":"https:\/\/www.facebook.com\/otexeworld\/reviews","article_published_time":"2026-02-08T07:00:00+00:00","og_image":[{"width":1541,"height":867,"url":"https:\/\/otexe.com\/wp-content\/uploads\/2026\/02\/2026-01-26_swedish-study-refines-identification-of-high-risk-children.webp","type":"image\/webp"}],"author":"news bot","twitter_card":"summary_large_image","twitter_creator":"@otexeworld","twitter_site":"@otexeworld","twitter_misc":{"Escrito por":"news bot","Tiempo de lectura":"3 minutos"},"schema":{"@context":"https:\/\/schema.org","@graph":[{"@type":"Article","@id":"https:\/\/otexe.com\/es\/estudio-sueco-afina-la-identificacion-de-ninos-con-alto-riesgo-de-caries\/#article","isPartOf":{"@id":"https:\/\/otexe.com\/es\/estudio-sueco-afina-la-identificacion-de-ninos-con-alto-riesgo-de-caries\/"},"author":{"name":"news bot","@id":"https:\/\/otexe.com\/es\/#\/schema\/person\/9140d95fa9a582da764836aeeea66419"},"headline":"Estudio sueco afina la identificaci\u00f3n de ni\u00f1os con alto riesgo de caries","datePublished":"2026-02-08T07:00:00+00:00","mainEntityOfPage":{"@id":"https:\/\/otexe.com\/es\/estudio-sueco-afina-la-identificacion-de-ninos-con-alto-riesgo-de-caries\/"},"wordCount":674,"commentCount":0,"publisher":{"@id":"https:\/\/otexe.com\/es\/#organization"},"image":{"@id":"https:\/\/otexe.com\/es\/estudio-sueco-afina-la-identificacion-de-ninos-con-alto-riesgo-de-caries\/#primaryimage"},"thumbnailUrl":"https:\/\/otexe.com\/wp-content\/uploads\/2026\/02\/2026-01-26_swedish-study-refines-identification-of-high-risk-children.webp","articleSection":["Art\u00edculos cient\u00edficos"],"inLanguage":"es","potentialAction":[{"@type":"CommentAction","name":"Comment","target":["https:\/\/otexe.com\/es\/estudio-sueco-afina-la-identificacion-de-ninos-con-alto-riesgo-de-caries\/#respond"]}]},{"@type":"WebPage","@id":"https:\/\/otexe.com\/es\/estudio-sueco-afina-la-identificacion-de-ninos-con-alto-riesgo-de-caries\/","url":"https:\/\/otexe.com\/es\/estudio-sueco-afina-la-identificacion-de-ninos-con-alto-riesgo-de-caries\/","name":"Estudio sueco afina la identificaci\u00f3n de ni\u00f1os con alto riesgo de caries - OTEXE","isPartOf":{"@id":"https:\/\/otexe.com\/es\/#website"},"primaryImageOfPage":{"@id":"https:\/\/otexe.com\/es\/estudio-sueco-afina-la-identificacion-de-ninos-con-alto-riesgo-de-caries\/#primaryimage"},"image":{"@id":"https:\/\/otexe.com\/es\/estudio-sueco-afina-la-identificacion-de-ninos-con-alto-riesgo-de-caries\/#primaryimage"},"thumbnailUrl":"https:\/\/otexe.com\/wp-content\/uploads\/2026\/02\/2026-01-26_swedish-study-refines-identification-of-high-risk-children.webp","datePublished":"2026-02-08T07:00:00+00:00","description":"Uppsala, Suecia. M\u00e1s de una d\u00e9cada de datos nacionales ha proporcionado nuevas perspectivas sobre las trayectorias de desarrollo de caries en ni\u00f1os y adolescentes suecos. Los resultados muestran que, aunque la mayor\u00eda de los ni\u00f1os permanecen libres de caries, un peque\u00f1o grupo experimenta una alta carga de caries. El estudio demuestra que combinar el an\u00e1lisis de trayectorias de enfermedad con medidas espec\u00edficas de experiencia de caries infantil permite identificar patrones tempranos de la enfermedad con mayor precisi\u00f3n y detectar mejor a los ni\u00f1os que tienen m\u00e1s probabilidades de beneficiarse de la atenci\u00f3n preventiva.","breadcrumb":{"@id":"https:\/\/otexe.com\/es\/estudio-sueco-afina-la-identificacion-de-ninos-con-alto-riesgo-de-caries\/#breadcrumb"},"inLanguage":"es","potentialAction":[{"@type":"ReadAction","target":["https:\/\/otexe.com\/es\/estudio-sueco-afina-la-identificacion-de-ninos-con-alto-riesgo-de-caries\/"]}]},{"@type":"ImageObject","inLanguage":"es","@id":"https:\/\/otexe.com\/es\/estudio-sueco-afina-la-identificacion-de-ninos-con-alto-riesgo-de-caries\/#primaryimage","url":"https:\/\/otexe.com\/wp-content\/uploads\/2026\/02\/2026-01-26_swedish-study-refines-identification-of-high-risk-children.webp","contentUrl":"https:\/\/otexe.com\/wp-content\/uploads\/2026\/02\/2026-01-26_swedish-study-refines-identification-of-high-risk-children.webp","width":1541,"height":867},{"@type":"BreadcrumbList","@id":"https:\/\/otexe.com\/es\/estudio-sueco-afina-la-identificacion-de-ninos-con-alto-riesgo-de-caries\/#breadcrumb","itemListElement":[{"@type":"ListItem","position":1,"name":"P\u00e1gina","item":"https:\/\/otexe.com\/es\/"},{"@type":"ListItem","position":2,"name":"Art\u00edculos cient\u00edficos","item":"https:\/\/otexe.com\/es\/category\/articulos-cientificos\/"},{"@type":"ListItem","position":3,"name":"Estudio sueco afina la identificaci\u00f3n de ni\u00f1os con alto riesgo de caries"}]},{"@type":"WebSite","@id":"https:\/\/otexe.com\/es\/#website","url":"https:\/\/otexe.com\/es\/","name":"OTEXE","description":"Is a community where the best minds in dentistry are creating the future of the industry","publisher":{"@id":"https:\/\/otexe.com\/es\/#organization"},"potentialAction":[{"@type":"SearchAction","target":{"@type":"EntryPoint","urlTemplate":"https:\/\/otexe.com\/es\/?s={search_term_string}"},"query-input":{"@type":"PropertyValueSpecification","valueRequired":true,"valueName":"search_term_string"}}],"inLanguage":"es"},{"@type":"Organization","@id":"https:\/\/otexe.com\/es\/#organization","name":"Otexe","url":"https:\/\/otexe.com\/es\/","logo":{"@type":"ImageObject","inLanguage":"es","@id":"https:\/\/otexe.com\/es\/#\/schema\/logo\/image\/","url":"https:\/\/otexe.com\/wp-content\/uploads\/2025\/07\/logo.png","contentUrl":"https:\/\/otexe.com\/wp-content\/uploads\/2025\/07\/logo.png","width":697,"height":697,"caption":"Otexe"},"image":{"@id":"https:\/\/otexe.com\/es\/#\/schema\/logo\/image\/"},"sameAs":["https:\/\/www.facebook.com\/otexeworld\/reviews","https:\/\/x.com\/otexeworld"]},{"@type":"Person","@id":"https:\/\/otexe.com\/es\/#\/schema\/person\/9140d95fa9a582da764836aeeea66419","name":"news bot","image":{"@type":"ImageObject","inLanguage":"es","@id":"https:\/\/otexe.com\/es\/#\/schema\/person\/image\/","url":"https:\/\/secure.gravatar.com\/avatar\/126946fb002d82862ee4daf1c3c87cd017acab2d58cb90a684793b86e7347e3d?s=96&d=mm&r=g","contentUrl":"https:\/\/secure.gravatar.com\/avatar\/126946fb002d82862ee4daf1c3c87cd017acab2d58cb90a684793b86e7347e3d?s=96&d=mm&r=g","caption":"news bot"},"url":"https:\/\/otexe.com\/es\/author\/news-bot\/"}]}},"_links":{"self":[{"href":"https:\/\/otexe.com\/es\/wp-json\/wp\/v2\/posts\/18686","targetHints":{"allow":["GET"]}}],"collection":[{"href":"https:\/\/otexe.com\/es\/wp-json\/wp\/v2\/posts"}],"about":[{"href":"https:\/\/otexe.com\/es\/wp-json\/wp\/v2\/types\/post"}],"author":[{"embeddable":true,"href":"https:\/\/otexe.com\/es\/wp-json\/wp\/v2\/users\/20"}],"replies":[{"embeddable":true,"href":"https:\/\/otexe.com\/es\/wp-json\/wp\/v2\/comments?post=18686"}],"version-history":[{"count":1,"href":"https:\/\/otexe.com\/es\/wp-json\/wp\/v2\/posts\/18686\/revisions"}],"predecessor-version":[{"id":18687,"href":"https:\/\/otexe.com\/es\/wp-json\/wp\/v2\/posts\/18686\/revisions\/18687"}],"wp:featuredmedia":[{"embeddable":true,"href":"https:\/\/otexe.com\/es\/wp-json\/wp\/v2\/media\/18655"}],"wp:attachment":[{"href":"https:\/\/otexe.com\/es\/wp-json\/wp\/v2\/media?parent=18686"}],"wp:term":[{"taxonomy":"category","embeddable":true,"href":"https:\/\/otexe.com\/es\/wp-json\/wp\/v2\/categories?post=18686"},{"taxonomy":"post_tag","embeddable":true,"href":"https:\/\/otexe.com\/es\/wp-json\/wp\/v2\/tags?post=18686"}],"curies":[{"name":"wp","href":"https:\/\/api.w.org\/{rel}","templated":true}]}}